{"id":801,"date":"2025-10-27T23:59:24","date_gmt":"2025-10-27T22:59:24","guid":{"rendered":"https:\/\/rapa-g4ajg9g0cyhyd9dz.spaincentral-01.azurewebsites.net\/?p=801"},"modified":"2025-10-28T19:33:44","modified_gmt":"2025-10-28T18:33:44","slug":"musa-muinada-magosto-e-samain","status":"publish","type":"post","link":"https:\/\/rapadasbestas.gal\/?p=801&lang=es","title":{"rendered":"MUSA &#8211; Mui\u00f1ada, Magosto y Sama\u00edn"},"content":{"rendered":"\n<p><mark style=\"background-color:rgba(0, 0, 0, 0); margin-bottom: 25px;\" class=\"has-inline-color has-luminous-vivid-orange-color\"><strong>PROGRAMA MUSA<\/strong><\/mark><\/p>\n\n\n\n<blockquote class=\"wp-block-quote is-layout-flow wp-block-quote-is-layout-flow\">\n<p><strong><em><strong>A PRIMERA HORA DE LA MA\u00d1ANA<\/strong><\/em><\/strong><\/p>\n\n\n\n<p>09:45h. RUTA DE SENDERISMO comentada de la nueva Ruta Interactiva de Sabucedo. Salida desde el curro novo (recinto nuevo). Recolecci\u00f3n de setas y casta\u00f1as durante el paseo. 10km.<br>12:00h. Encuentro en el MOLINO DEL MAESTRO<br>Apertura del MERCADILLO DE PRODUCTOS DE ARTESAN\u00cdA ALIMENTARIA Y PROXIMIDAD<br>12:05h. Encendido del horno y comienzo del TALLER DE PAN<br>12:30h. IV Concurso Infantil \u201cCONOCIENDO MI PUEBLO\u201d con premios para los participantes. Bases en la web de la Rapa.<br>13:00h. Cata-Degustaci\u00f3n<br>\u201cLA SIDRA DE LA ESTRADA PURA ARTESAN\u00cdA ALIMENTARIA.\u201d maridada con setas.<\/p>\n<\/blockquote>\n\n\n\n<p><strong><em><strong>A LA HORA DE COMER<\/strong><\/em><\/strong><\/p>\n\n\n\n<p>13:30h. Aperitivo Musical a cargo del grupo AIRI\u00d1OS DE CALDELAS<br>14:30h. COMIDA (Imprescindible hacer reserva)<br>En la carpa de la carballeira del Campo do Medio<br>16:30h. Inicio del TALLER DE FILLOAS Y CHULAS y Entrega de Premios del Concurso Infantil \u201cConociendo mi pueblo\u201d<br>16:45h. Presentaci\u00f3n de la T\u00c9CNICA DEL ESGAFRIADO. Patrimonio Cultural Inmaterial de Galicia. a cargo de Carmen Soriano e Ana Lema<br>17:00h. Presentaci\u00f3n del avance del libro:<br>\u201cO SENTIR DUN POBO: SABUCEDO E A RAPA DAS BESTAS\u201d de Francisco Regueiro.<br>TALLERES DO SAMA\u00cdN:<br>17:30h. Inicio de las calabazas, maquillaje,\u2026 Para ni\u00f1os hasta 90 a\u00f1os.<br>18:00h. SABUCEDO TAMBI\u00c9N CANTA. Ser\u00e1n musical en el mu\u00ed\u00f1o.<\/p>\n\n\n\n<p><strong><em>DE NOCHE<br><\/em><\/strong>19:15h. Procesi\u00f3n de la SANTA COMPA\u00d1A<br>Lectura de los RESPONSOS dedicados a los muertos en vida durante la elaboraci\u00f3n<br>de la QUEIMADA purificadora en el curro viejo.<br>\u00a1Traed t\u00fanica branca o sabana vieja!<br>20:00h. NOCHE DEL SAMA\u00cdN<br>Magosto al lado del Teleclub<br>21:00h. Cuentacuentos \u201cCONTOS DE MEDO\u201d<br>con Lois P\u00e9rez<br>23:30h. Concierto de GATO PIOLLOSO<br>\u2026 y fiesta descontrolada!<\/p>\n\n\n\n<div class=\"wp-block-columns is-layout-flex wp-container-core-columns-is-layout-9d6595d7 wp-block-columns-is-layout-flex\">\n<div class=\"wp-block-column is-layout-flow wp-block-column-is-layout-flow\">\n<figure class=\"wp-block-image size-large\"><img loading=\"lazy\" decoding=\"async\" width=\"724\" height=\"1024\" src=\"\/wp-content\/uploads\/2025\/10\/WhatsApp-Image-2025-10-23-at-11.59.48-724x1024.jpeg\" alt=\"\" class=\"wp-image-803\" srcset=\"\/wp-content\/uploads\/2025\/10\/WhatsApp-Image-2025-10-23-at-11.59.48-724x1024.jpeg 724w, \/wp-content\/uploads\/2025\/10\/WhatsApp-Image-2025-10-23-at-11.59.48-212x300.jpeg 212w, \/wp-content\/uploads\/2025\/10\/WhatsApp-Image-2025-10-23-at-11.59.48-768x1086.jpeg 768w, \/wp-content\/uploads\/2025\/10\/WhatsApp-Image-2025-10-23-at-11.59.48-1086x1536.jpeg 1086w, \/wp-content\/uploads\/2025\/10\/WhatsApp-Image-2025-10-23-at-11.59.48.jpeg 1131w\" sizes=\"auto, (max-width: 724px) 100vw, 724px\" \/><\/figure>\n<\/div>\n\n\n\n<div class=\"wp-block-column is-layout-flow wp-block-column-is-layout-flow\">\n<figure class=\"wp-block-image size-large\"><img loading=\"lazy\" decoding=\"async\" width=\"483\" height=\"1024\" src=\"\/wp-content\/uploads\/2025\/10\/WhatsApp-Image-2025-10-23-at-11.59.48-1-1-483x1024.jpeg\" alt=\"\" class=\"wp-image-809\" srcset=\"\/wp-content\/uploads\/2025\/10\/WhatsApp-Image-2025-10-23-at-11.59.48-1-1-483x1024.jpeg 483w, \/wp-content\/uploads\/2025\/10\/WhatsApp-Image-2025-10-23-at-11.59.48-1-1-141x300.jpeg 141w, \/wp-content\/uploads\/2025\/10\/WhatsApp-Image-2025-10-23-at-11.59.48-1-1-724x1536.jpeg 724w, \/wp-content\/uploads\/2025\/10\/WhatsApp-Image-2025-10-23-at-11.59.48-1-1.jpeg 754w\" sizes=\"auto, (max-width: 483px) 100vw, 483px\" \/><\/figure>\n<\/div>\n<\/div>\n\n\n\n<p><\/p>\n","protected":false},"excerpt":{"rendered":"<p>PROGRAMA MUSA A PRIMERA HORA DE LA MA\u00d1ANA 09:45h. RUTA DE SENDERISMO comentada de la nueva Ruta Interactiva de Sabucedo. Salida desde el curro novo (recinto nuevo). Recolecci\u00f3n de setas y casta\u00f1as durante el paseo. 10km.12:00h. Encuentro en el MOLINO DEL MAESTROApertura del MERCADILLO DE PRODUCTOS DE ARTESAN\u00cdA ALIMENTARIA Y PROXIMIDAD12:05h. Encendido del horno y [&hellip;]<\/p>\n","protected":false},"author":1,"featured_media":804,"comment_status":"open","ping_status":"open","sticky":false,"template":"","format":"standard","meta":{"_acf_changed":false,"footnotes":""},"categories":[19,1],"tags":[],"class_list":["post-801","post","type-post","status-publish","format-standard","has-post-thumbnail","hentry","category-asociacion","category-sin-categoria"],"acf":[],"_links":{"self":[{"href":"https:\/\/rapadasbestas.gal\/index.php?rest_route=\/wp\/v2\/posts\/801","targetHints":{"allow":["GET"]}}],"collection":[{"href":"https:\/\/rapadasbestas.gal\/index.php?rest_route=\/wp\/v2\/posts"}],"about":[{"href":"https:\/\/rapadasbestas.gal\/index.php?rest_route=\/wp\/v2\/types\/post"}],"author":[{"embeddable":true,"href":"https:\/\/rapadasbestas.gal\/index.php?rest_route=\/wp\/v2\/users\/1"}],"replies":[{"embeddable":true,"href":"https:\/\/rapadasbestas.gal\/index.php?rest_route=%2Fwp%2Fv2%2Fcomments&post=801"}],"version-history":[{"count":5,"href":"https:\/\/rapadasbestas.gal\/index.php?rest_route=\/wp\/v2\/posts\/801\/revisions"}],"predecessor-version":[{"id":891,"href":"https:\/\/rapadasbestas.gal\/index.php?rest_route=\/wp\/v2\/posts\/801\/revisions\/891"}],"wp:featuredmedia":[{"embeddable":true,"href":"https:\/\/rapadasbestas.gal\/index.php?rest_route=\/wp\/v2\/media\/804"}],"wp:attachment":[{"href":"https:\/\/rapadasbestas.gal\/index.php?rest_route=%2Fwp%2Fv2%2Fmedia&parent=801"}],"wp:term":[{"taxonomy":"category","embeddable":true,"href":"https:\/\/rapadasbestas.gal\/index.php?rest_route=%2Fwp%2Fv2%2Fcategories&post=801"},{"taxonomy":"post_tag","embeddable":true,"href":"https:\/\/rapadasbestas.gal\/index.php?rest_route=%2Fwp%2Fv2%2Ftags&post=801"}],"curies":[{"name":"wp","href":"https:\/\/api.w.org\/{rel}","templated":true}]}}