{"id":819,"date":"2025-10-28T00:15:36","date_gmt":"2025-10-27T23:15:36","guid":{"rendered":"https:\/\/rapa-g4ajg9g0cyhyd9dz.spaincentral-01.azurewebsites.net\/?p=819"},"modified":"2025-10-28T00:15:39","modified_gmt":"2025-10-27T23:15:39","slug":"musa-muinada-magosto-e-samain","status":"publish","type":"post","link":"https:\/\/rapadasbestas.gal\/?p=819","title":{"rendered":"MUSA &#8211; Mui\u00f1ada, Magosto e Sama\u00edn"},"content":{"rendered":"\n<p><mark style=\"background-color:rgba(0, 0, 0, 0); margin-bottom: 25px;\" class=\"has-inline-color has-luminous-vivid-orange-color\"><strong>PROGRAMA MUSA<\/strong><\/mark><\/p>\n\n\n\n<blockquote class=\"wp-block-quote is-layout-flow wp-block-quote-is-layout-flow\">\n<p><strong><em>\u00c1 MA\u00d1ANCI\u00d1A<br><\/em><\/strong>09:45h. ANDAINA comentada da nova Ruta Interactiva de Sabucedo. Sa\u00edda dende o curro novo. Recollida de cogumelos e casta\u00f1as durante o paseo. 10km.<br>12:00h. Xuntanza no MU\u00cd\u00d1O DO MESTRE<br>Apertura do MERCADI\u00d1O DE PRODUTOS DE ARTESAN\u00cdA ALIMENTARIA e PROXIMIDADE<br>12:05h. Encendido do forno e comenzo do OBRADOIRO DE PAN<br>12:30h. IV Concurso Infantil \u201cCO\u00d1ECENDO O MEU POBO\u201d con agasallos para os participantes. Bases na web da Rapa.<br>13:00h. Cata-Degustaci\u00f3n<br>\u201cA SIDRA DA ESTRADA PURA ARTESAN\u00cdA ALIMENTARIA.\u201d maridado con setas.<\/p>\n<\/blockquote>\n\n\n\n<p><strong><em> \u00c1 HORA DE XANTAR<br><\/em><\/strong>13:30h. Aperitivo Musical a cargo do grupo AIRI\u00d1OS DE CALDELAS<br>14:30h. XANTAR (Compre facer reserva)<br>Na carpa da carballeira do Campo do Medio<br>16:30h. Inicio do OBRADOIRO DE FILLOAS E CHULAS e Entrega de Premios do Concurso Infantil \u201cCo\u00f1ecendo o meu pobo\u201d<br>16:45h. Presentaci\u00f3n da T\u00c9CNICA DO ESGAFRIADO. Patrimonio Cultural Inmaterial de Galicia. a cargo de Carmen Soriano e Ana Lema<br>17:00h. Presentaci\u00f3n do avance do libro:<br>\u201cO SENTIR DUN POBO: SABUCEDO E A RAPA DAS BESTAS\u201d de Francisco Regueiro.<br>OBRADOIROS DO SAMA\u00cdN:<br>17:30h. Inicio dos calac\u00fas, maquillaxe,\u2026 Para nenos ata 90 anos.<br>18:00h. SABUCEDO TAM\u00c9N CANTA. Ser\u00e1n musical no mu\u00ed\u00f1o.<\/p>\n\n\n\n<p><strong><em>DE NOITE<br><\/em><\/strong>19:15h. Procesi\u00f3n da SANTA COMPA\u00d1A<br>Lectura dos RESPONSOS dedicados aos mortos en vida durante a elaboraci\u00f3n<br>da QUEIMADA purificadora no curro vello.<br>\u00a1Traede t\u00fanica branca ou saba vella!<br>20:00h. NOITE DO SAMA\u00cdN<br>Magosto a car\u00f3n do Teleclube<br>21:00h. Contacontos \u201cCONTOS DE MEDO\u201d<br>con Lois P\u00e9rez<br>23:30h. Concerto de GATO PIOLLOSO<br>\u2026 e festa rachada!<\/p>\n\n\n\n<div class=\"wp-block-columns is-layout-flex wp-container-core-columns-is-layout-9d6595d7 wp-block-columns-is-layout-flex\">\n<div class=\"wp-block-column is-layout-flow wp-block-column-is-layout-flow\">\n<figure class=\"wp-block-image size-large\"><img loading=\"lazy\" decoding=\"async\" width=\"724\" height=\"1024\" src=\"\/wp-content\/uploads\/2025\/10\/WhatsApp-Image-2025-10-23-at-11.59.48-724x1024.jpeg\" alt=\"\" class=\"wp-image-813\" srcset=\"\/wp-content\/uploads\/2025\/10\/WhatsApp-Image-2025-10-23-at-11.59.48-724x1024.jpeg 724w, \/wp-content\/uploads\/2025\/10\/WhatsApp-Image-2025-10-23-at-11.59.48-212x300.jpeg 212w, \/wp-content\/uploads\/2025\/10\/WhatsApp-Image-2025-10-23-at-11.59.48-768x1086.jpeg 768w, \/wp-content\/uploads\/2025\/10\/WhatsApp-Image-2025-10-23-at-11.59.48-1086x1536.jpeg 1086w, \/wp-content\/uploads\/2025\/10\/WhatsApp-Image-2025-10-23-at-11.59.48.jpeg 1131w\" sizes=\"auto, (max-width: 724px) 100vw, 724px\" \/><\/figure>\n<\/div>\n\n\n\n<div class=\"wp-block-column is-layout-flow wp-block-column-is-layout-flow\">\n<figure class=\"wp-block-image size-large\"><img loading=\"lazy\" decoding=\"async\" width=\"483\" height=\"1024\" src=\"\/wp-content\/uploads\/2025\/10\/WhatsApp-Image-2025-10-23-at-11.59.48-1-1-483x1024.jpeg\" alt=\"\" class=\"wp-image-814\" srcset=\"\/wp-content\/uploads\/2025\/10\/WhatsApp-Image-2025-10-23-at-11.59.48-1-1-483x1024.jpeg 483w, \/wp-content\/uploads\/2025\/10\/WhatsApp-Image-2025-10-23-at-11.59.48-1-1-141x300.jpeg 141w, \/wp-content\/uploads\/2025\/10\/WhatsApp-Image-2025-10-23-at-11.59.48-1-1-724x1536.jpeg 724w, \/wp-content\/uploads\/2025\/10\/WhatsApp-Image-2025-10-23-at-11.59.48-1-1.jpeg 754w\" sizes=\"auto, (max-width: 483px) 100vw, 483px\" \/><\/figure>\n<\/div>\n<\/div>\n","protected":false},"excerpt":{"rendered":"<p>PROGRAMA MUSA \u00c1 MA\u00d1ANCI\u00d1A09:45h. ANDAINA comentada da nova Ruta Interactiva de Sabucedo. Sa\u00edda dende o curro novo. Recollida de cogumelos e casta\u00f1as durante o paseo. 10km.12:00h. Xuntanza no MU\u00cd\u00d1O DO MESTREApertura do MERCADI\u00d1O DE PRODUTOS DE ARTESAN\u00cdA ALIMENTARIA e PROXIMIDADE12:05h. Encendido do forno e comenzo do OBRADOIRO DE PAN12:30h. IV Concurso Infantil \u201cCO\u00d1ECENDO O MEU [&hellip;]<\/p>\n","protected":false},"author":1,"featured_media":0,"comment_status":"open","ping_status":"open","sticky":false,"template":"","format":"standard","meta":{"_acf_changed":false,"footnotes":""},"categories":[38,1],"tags":[],"class_list":["post-819","post","type-post","status-publish","format-standard","hentry","category-asociacion","category-sin-categoria"],"acf":[],"_links":{"self":[{"href":"https:\/\/rapadasbestas.gal\/index.php?rest_route=\/wp\/v2\/posts\/819","targetHints":{"allow":["GET"]}}],"collection":[{"href":"https:\/\/rapadasbestas.gal\/index.php?rest_route=\/wp\/v2\/posts"}],"about":[{"href":"https:\/\/rapadasbestas.gal\/index.php?rest_route=\/wp\/v2\/types\/post"}],"author":[{"embeddable":true,"href":"https:\/\/rapadasbestas.gal\/index.php?rest_route=\/wp\/v2\/users\/1"}],"replies":[{"embeddable":true,"href":"https:\/\/rapadasbestas.gal\/index.php?rest_route=%2Fwp%2Fv2%2Fcomments&post=819"}],"version-history":[{"count":1,"href":"https:\/\/rapadasbestas.gal\/index.php?rest_route=\/wp\/v2\/posts\/819\/revisions"}],"predecessor-version":[{"id":821,"href":"https:\/\/rapadasbestas.gal\/index.php?rest_route=\/wp\/v2\/posts\/819\/revisions\/821"}],"wp:attachment":[{"href":"https:\/\/rapadasbestas.gal\/index.php?rest_route=%2Fwp%2Fv2%2Fmedia&parent=819"}],"wp:term":[{"taxonomy":"category","embeddable":true,"href":"https:\/\/rapadasbestas.gal\/index.php?rest_route=%2Fwp%2Fv2%2Fcategories&post=819"},{"taxonomy":"post_tag","embeddable":true,"href":"https:\/\/rapadasbestas.gal\/index.php?rest_route=%2Fwp%2Fv2%2Ftags&post=819"}],"curies":[{"name":"wp","href":"https:\/\/api.w.org\/{rel}","templated":true}]}}